{"id":9566,"date":"2026-04-21T21:22:01","date_gmt":"2026-04-21T19:22:01","guid":{"rendered":"https:\/\/interaxo.com\/?p=9566"},"modified":"2026-04-28T15:48:18","modified_gmt":"2026-04-28T13:48:18","slug":"stora-bim-dagen","status":"publish","type":"post","link":"https:\/\/interaxo.com\/sv\/event\/tidigare-event\/stora-bim-dagen-2\/","title":{"rendered":"Stora BIM-dagen"},"content":{"rendered":"<p><div class=\"fusion-fullwidth fullwidth-box fusion-builder-row-1 fusion-flex-container has-pattern-background has-mask-background fusion-parallax-none nonhundred-percent-fullwidth non-hundred-percent-height-scrolling\" style=\"--awb-border-radius-top-left:0px;--awb-border-radius-top-right:0px;--awb-border-radius-bottom-right:0px;--awb-border-radius-bottom-left:0px;--awb-padding-top:calc(123px + 7vh);--awb-padding-bottom:8vh;--awb-background-image:linear-gradient(180deg, rgba(0,0,0,0.3) 0%,rgba(0,0,0,0.5) 100%),url(https:\/\/interaxo.com\/wp-content\/uploads\/2026\/04\/BIM_d_2-scaled.jpeg);;--awb-background-size:cover;--awb-flex-wrap:wrap;\" ><div class=\"fusion-builder-row fusion-row fusion-flex-align-items-flex-start fusion-flex-content-wrap\" style=\"max-width:1339.84px;margin-left: calc(-6% \/ 2 );margin-right: calc(-6% \/ 2 );\"><div class=\"fusion-layout-column fusion_builder_column fusion-builder-column-0 fusion_builder_column_1_2 1_2 fusion-flex-column\" style=\"--awb-bg-size:cover;--awb-width-large:50%;--awb-margin-top-large:0px;--awb-spacing-right-large:5.64%;--awb-margin-bottom-large:20px;--awb-spacing-left-large:5.64%;--awb-width-medium:50%;--awb-order-medium:0;--awb-spacing-right-medium:5.64%;--awb-spacing-left-medium:5.64%;--awb-width-small:100%;--awb-order-small:0;--awb-spacing-right-small:2.82%;--awb-spacing-left-small:2.82%;\"><div class=\"fusion-column-wrapper fusion-column-has-shadow fusion-flex-justify-content-flex-start fusion-content-layout-column\"><div class=\"fusion-text fusion-text-1\" style=\"--awb-font-size:16px;--awb-line-height:var(--awb-typography5-line-height);--awb-letter-spacing:var(--awb-typography5-letter-spacing);--awb-text-transform:var(--awb-typography5-text-transform);--awb-text-color:var(--awb-custom_color_8);--awb-text-font-family:var(--awb-typography5-font-family);--awb-text-font-weight:var(--awb-typography5-font-weight);--awb-text-font-style:var(--awb-typography5-font-style);\"><p>Event<\/p>\n<\/div><div class=\"fusion-title title fusion-title-1 fusion-sep-none fusion-title-text fusion-title-size-one\" style=\"--awb-text-color:var(--awb-color1);--awb-margin-bottom:44px;\"><h1 class=\"fusion-title-heading title-heading-left fusion-responsive-typography-calculated\" style=\"margin:0;--fontSize:48;line-height:var(--awb-typography1-line-height);\">Stora BIM-dagen<\/h1><\/div><div class=\"fusion-builder-row fusion-builder-row-inner fusion-row fusion-flex-align-items-flex-start fusion-flex-content-wrap\" style=\"width:106% !important;max-width:106% !important;margin-left: calc(-6% \/ 2 );margin-right: calc(-6% \/ 2 );\"><div class=\"fusion-layout-column fusion_builder_column_inner fusion-builder-nested-column-0 fusion_builder_column_inner_1_1 1_1 fusion-flex-column\" style=\"--awb-bg-size:cover;--awb-width-large:100%;--awb-margin-top-large:0px;--awb-spacing-right-large:2.82%;--awb-margin-bottom-large:20px;--awb-spacing-left-large:2.82%;--awb-width-medium:100%;--awb-order-medium:0;--awb-spacing-right-medium:2.82%;--awb-spacing-left-medium:2.82%;--awb-width-small:100%;--awb-order-small:0;--awb-spacing-right-small:2.82%;--awb-spacing-left-small:2.82%;\"><div class=\"fusion-column-wrapper fusion-column-has-shadow fusion-flex-justify-content-flex-start fusion-content-layout-row\"><div class=\"fusion-text fusion-text-2 blue-tag\" style=\"--awb-margin-right:10px;\"><p>21 april<\/p>\n<\/div><div class=\"fusion-text fusion-text-3 blue-tag\" style=\"--awb-margin-right:10px;\"><p>Stockholm<\/p>\n<\/div><\/div><\/div><\/div><\/div><\/div><\/div><\/div><div class=\"fusion-fullwidth fullwidth-box fusion-builder-row-2 fusion-flex-container has-pattern-background has-mask-background nonhundred-percent-fullwidth non-hundred-percent-height-scrolling\" style=\"--awb-border-radius-top-left:0px;--awb-border-radius-top-right:0px;--awb-border-radius-bottom-right:0px;--awb-border-radius-bottom-left:0px;--awb-padding-top:12vh;--awb-padding-top-small:8vh;--awb-flex-wrap:wrap;\" ><div class=\"fusion-builder-row fusion-row fusion-flex-align-items-flex-start fusion-flex-justify-content-space-between fusion-flex-content-wrap\" style=\"max-width:1314.56px;margin-left: calc(-4% \/ 2 );margin-right: calc(-4% \/ 2 );\"><div class=\"fusion-layout-column fusion_builder_column fusion-builder-column-1 fusion_builder_column_1_1 1_1 fusion-flex-column\" style=\"--awb-bg-size:cover;--awb-width-large:100%;--awb-margin-top-large:0px;--awb-spacing-right-large:1.92%;--awb-margin-bottom-large:20px;--awb-spacing-left-large:1.92%;--awb-width-medium:100%;--awb-order-medium:0;--awb-spacing-right-medium:1.92%;--awb-spacing-left-medium:1.92%;--awb-width-small:100%;--awb-order-small:0;--awb-spacing-right-small:1.92%;--awb-spacing-left-small:1.92%;\"><div class=\"fusion-column-wrapper fusion-column-has-shadow fusion-flex-justify-content-flex-start fusion-content-layout-column\"><div class=\"fusion-text fusion-text-4\"><p>Bygg- och fastighetsbranschen beh\u00f6ver ta st\u00f6rre kontroll \u00f6ver strukturerad information, kravst\u00e4llning, sp\u00e5rbarhet och s\u00e4kerhet genom hela livscykeln.<br \/>\nDetta och mycket annat diskuterades p\u00e5 Stora BIM dagen (BIM Alliance).<\/p>\n<p>S\u00e5 vad beh\u00f6ver man t\u00e4nka p\u00e5?<\/p>\n<p><img decoding=\"async\" class=\"wp-image-9544 alignright\" src=\"https:\/\/interaxo.com\/wp-content\/uploads\/2026\/04\/BIM_d-1024x768.jpeg\" alt=\"\" width=\"498\" height=\"374\" srcset=\"https:\/\/interaxo.com\/wp-content\/uploads\/2026\/04\/BIM_d-200x150.jpeg 200w, https:\/\/interaxo.com\/wp-content\/uploads\/2026\/04\/BIM_d-300x225.jpeg 300w, https:\/\/interaxo.com\/wp-content\/uploads\/2026\/04\/BIM_d-400x300.jpeg 400w, https:\/\/interaxo.com\/wp-content\/uploads\/2026\/04\/BIM_d-600x450.jpeg 600w, https:\/\/interaxo.com\/wp-content\/uploads\/2026\/04\/BIM_d-768x576.jpeg 768w, https:\/\/interaxo.com\/wp-content\/uploads\/2026\/04\/BIM_d-800x600.jpeg 800w, https:\/\/interaxo.com\/wp-content\/uploads\/2026\/04\/BIM_d-1024x768.jpeg 1024w, https:\/\/interaxo.com\/wp-content\/uploads\/2026\/04\/BIM_d-1200x900.jpeg 1200w, https:\/\/interaxo.com\/wp-content\/uploads\/2026\/04\/BIM_d-1536x1152.jpeg 1536w\" sizes=\"(max-width: 498px) 100vw, 498px\" \/><\/p>\n<p>\u2705 Att kontrollera data och informationsfl\u00f6den \u00e4r en strategisk fr\u00e5ga<br \/>\n\u2705 Anv\u00e4ndande av AI kr\u00e4ver djup sakkunskap f\u00f6r att kunna kvalitetss\u00e4kra<br \/>\n\u2705 Stort v\u00e4rde i analytisk f\u00f6rm\u00e5ga f\u00f6r att kunna oms\u00e4tta data till insikter<\/p>\n<p>Och hur kan man g\u00e5 tillv\u00e4ga?<br \/>\n\u2705 Skapa ordning och sp\u00e5rbarhet i informationsfl\u00f6den<br \/>\n\u2705 S\u00e4kerst\u00e4lla efterlevnad av etablerade processer<br \/>\n\u2705 Arbeta strukturerat enligt ISO 19650 principer<\/p>\n<p>Med Interaxo kan du oms\u00e4tta dessa behov i praktiskt arbete. Kontakta oss s\u00e5 ser vi till att du kommer ig\u00e5ng!<\/p>\n<\/div><\/div><\/div><\/div><\/div><\/p>\n","protected":false},"excerpt":{"rendered":"<p>Bygg- och fastighetsbranschen beh\u00f6ver ta st\u00f6rre kontroll \u00f6ver strukturerad information, kravst\u00e4llning, sp\u00e5rbarhet och s\u00e4kerhet genom hela livscykeln.<br \/>\nDetta och mycket annat diskuterades p\u00e5 Stora BIM dagen (BIM Alliance).<\/p>\n","protected":false},"author":8,"featured_media":9521,"comment_status":"open","ping_status":"open","sticky":false,"template":"","format":"standard","meta":{"_acf_changed":false,"content-type":"","footnotes":""},"categories":[164,170],"tags":[82,131],"class_list":["post-9566","post","type-post","status-publish","format-standard","has-post-thumbnail","hentry","category-event","category-tidigare-event","tag-featured-resources","tag-form-post"],"acf":[],"yoast_head":"<!-- This site is optimized with the Yoast SEO plugin v27.5 - https:\/\/yoast.com\/product\/yoast-seo-wordpress\/ -->\n<title>Stora BIM-dagen - Interaxo<\/title>\n<meta name=\"robots\" content=\"index, follow, max-snippet:-1, max-image-preview:large, max-video-preview:-1\" \/>\n<link rel=\"canonical\" href=\"https:\/\/interaxo.com\/sv\/event\/tidigare-event\/stora-bim-dagen-2\/\" \/>\n<meta property=\"og:locale\" content=\"sv_SE\" \/>\n<meta property=\"og:type\" content=\"article\" \/>\n<meta property=\"og:title\" content=\"Stora BIM-dagen - Interaxo\" \/>\n<meta property=\"og:description\" content=\"Bygg- och fastighetsbranschen beh\u00f6ver ta st\u00f6rre kontroll \u00f6ver strukturerad information, kravst\u00e4llning, sp\u00e5rbarhet och s\u00e4kerhet genom hela livscykeln. Detta och mycket annat diskuterades p\u00e5 Stora BIM dagen (BIM Alliance).\" \/>\n<meta property=\"og:url\" content=\"https:\/\/interaxo.com\/sv\/event\/tidigare-event\/stora-bim-dagen-2\/\" \/>\n<meta property=\"og:site_name\" content=\"Interaxo\" \/>\n<meta property=\"article:published_time\" content=\"2026-04-21T19:22:01+00:00\" \/>\n<meta property=\"article:modified_time\" content=\"2026-04-28T13:48:18+00:00\" \/>\n<meta property=\"og:image\" content=\"https:\/\/interaxo.com\/wp-content\/uploads\/2026\/04\/BIM_d_2-scaled.jpeg\" \/>\n\t<meta property=\"og:image:width\" content=\"2560\" \/>\n\t<meta property=\"og:image:height\" content=\"1920\" \/>\n\t<meta property=\"og:image:type\" content=\"image\/jpeg\" \/>\n<meta name=\"author\" content=\"Susanne Segeblad\" \/>\n<meta name=\"twitter:card\" content=\"summary_large_image\" \/>\n<meta name=\"twitter:label1\" content=\"Skriven av\" \/>\n\t<meta name=\"twitter:data1\" content=\"Susanne Segeblad\" \/>\n\t<meta name=\"twitter:label2\" content=\"Ber\u00e4knad l\u00e4stid\" \/>\n\t<meta name=\"twitter:data2\" content=\"2 minuter\" \/>\n<script type=\"application\/ld+json\" class=\"yoast-schema-graph\">{\"@context\":\"https:\\\/\\\/schema.org\",\"@graph\":[{\"@type\":\"Article\",\"@id\":\"https:\\\/\\\/interaxo.com\\\/sv\\\/event\\\/tidigare-event\\\/stora-bim-dagen-2\\\/#article\",\"isPartOf\":{\"@id\":\"https:\\\/\\\/interaxo.com\\\/sv\\\/event\\\/tidigare-event\\\/stora-bim-dagen-2\\\/\"},\"author\":{\"name\":\"Susanne Segeblad\",\"@id\":\"https:\\\/\\\/interaxo.com\\\/sv\\\/#\\\/schema\\\/person\\\/090379741d8a7f8cd6f77316a96c8b44\"},\"headline\":\"Stora BIM-dagen\",\"datePublished\":\"2026-04-21T19:22:01+00:00\",\"dateModified\":\"2026-04-28T13:48:18+00:00\",\"mainEntityOfPage\":{\"@id\":\"https:\\\/\\\/interaxo.com\\\/sv\\\/event\\\/tidigare-event\\\/stora-bim-dagen-2\\\/\"},\"wordCount\":1787,\"commentCount\":0,\"publisher\":{\"@id\":\"https:\\\/\\\/interaxo.com\\\/sv\\\/#organization\"},\"image\":{\"@id\":\"https:\\\/\\\/interaxo.com\\\/sv\\\/event\\\/tidigare-event\\\/stora-bim-dagen-2\\\/#primaryimage\"},\"thumbnailUrl\":\"https:\\\/\\\/interaxo.com\\\/wp-content\\\/uploads\\\/2026\\\/04\\\/BIM_d_2-scaled.jpeg\",\"keywords\":[\"Featured-resources\",\"Form-post\"],\"articleSection\":[\"Event\",\"Tidigare event\"],\"inLanguage\":\"sv-SE\",\"potentialAction\":[{\"@type\":\"CommentAction\",\"name\":\"Comment\",\"target\":[\"https:\\\/\\\/interaxo.com\\\/sv\\\/event\\\/tidigare-event\\\/stora-bim-dagen-2\\\/#respond\"]}]},{\"@type\":\"WebPage\",\"@id\":\"https:\\\/\\\/interaxo.com\\\/sv\\\/event\\\/tidigare-event\\\/stora-bim-dagen-2\\\/\",\"url\":\"https:\\\/\\\/interaxo.com\\\/sv\\\/event\\\/tidigare-event\\\/stora-bim-dagen-2\\\/\",\"name\":\"Stora BIM-dagen - Interaxo\",\"isPartOf\":{\"@id\":\"https:\\\/\\\/interaxo.com\\\/sv\\\/#website\"},\"primaryImageOfPage\":{\"@id\":\"https:\\\/\\\/interaxo.com\\\/sv\\\/event\\\/tidigare-event\\\/stora-bim-dagen-2\\\/#primaryimage\"},\"image\":{\"@id\":\"https:\\\/\\\/interaxo.com\\\/sv\\\/event\\\/tidigare-event\\\/stora-bim-dagen-2\\\/#primaryimage\"},\"thumbnailUrl\":\"https:\\\/\\\/interaxo.com\\\/wp-content\\\/uploads\\\/2026\\\/04\\\/BIM_d_2-scaled.jpeg\",\"datePublished\":\"2026-04-21T19:22:01+00:00\",\"dateModified\":\"2026-04-28T13:48:18+00:00\",\"breadcrumb\":{\"@id\":\"https:\\\/\\\/interaxo.com\\\/sv\\\/event\\\/tidigare-event\\\/stora-bim-dagen-2\\\/#breadcrumb\"},\"inLanguage\":\"sv-SE\",\"potentialAction\":[{\"@type\":\"ReadAction\",\"target\":[\"https:\\\/\\\/interaxo.com\\\/sv\\\/event\\\/tidigare-event\\\/stora-bim-dagen-2\\\/\"]}]},{\"@type\":\"ImageObject\",\"inLanguage\":\"sv-SE\",\"@id\":\"https:\\\/\\\/interaxo.com\\\/sv\\\/event\\\/tidigare-event\\\/stora-bim-dagen-2\\\/#primaryimage\",\"url\":\"https:\\\/\\\/interaxo.com\\\/wp-content\\\/uploads\\\/2026\\\/04\\\/BIM_d_2-scaled.jpeg\",\"contentUrl\":\"https:\\\/\\\/interaxo.com\\\/wp-content\\\/uploads\\\/2026\\\/04\\\/BIM_d_2-scaled.jpeg\",\"width\":2560,\"height\":1920},{\"@type\":\"BreadcrumbList\",\"@id\":\"https:\\\/\\\/interaxo.com\\\/sv\\\/event\\\/tidigare-event\\\/stora-bim-dagen-2\\\/#breadcrumb\",\"itemListElement\":[{\"@type\":\"ListItem\",\"position\":1,\"name\":\"Home\",\"item\":\"https:\\\/\\\/interaxo.com\\\/sv\\\/\"},{\"@type\":\"ListItem\",\"position\":2,\"name\":\"Stora BIM-dagen\"}]},{\"@type\":\"WebSite\",\"@id\":\"https:\\\/\\\/interaxo.com\\\/sv\\\/#website\",\"url\":\"https:\\\/\\\/interaxo.com\\\/sv\\\/\",\"name\":\"Interaxo\",\"description\":\"Interaxo\",\"publisher\":{\"@id\":\"https:\\\/\\\/interaxo.com\\\/sv\\\/#organization\"},\"potentialAction\":[{\"@type\":\"SearchAction\",\"target\":{\"@type\":\"EntryPoint\",\"urlTemplate\":\"https:\\\/\\\/interaxo.com\\\/sv\\\/?s={search_term_string}\"},\"query-input\":{\"@type\":\"PropertyValueSpecification\",\"valueRequired\":true,\"valueName\":\"search_term_string\"}}],\"inLanguage\":\"sv-SE\"},{\"@type\":\"Organization\",\"@id\":\"https:\\\/\\\/interaxo.com\\\/sv\\\/#organization\",\"name\":\"Interaxo\",\"url\":\"https:\\\/\\\/interaxo.com\\\/sv\\\/\",\"logo\":{\"@type\":\"ImageObject\",\"inLanguage\":\"sv-SE\",\"@id\":\"https:\\\/\\\/interaxo.com\\\/sv\\\/#\\\/schema\\\/logo\\\/image\\\/\",\"url\":\"https:\\\/\\\/interaxo.com\\\/wp-content\\\/uploads\\\/2025\\\/09\\\/interaxo-logo.svg\",\"contentUrl\":\"https:\\\/\\\/interaxo.com\\\/wp-content\\\/uploads\\\/2025\\\/09\\\/interaxo-logo.svg\",\"width\":150,\"height\":29,\"caption\":\"Interaxo\"},\"image\":{\"@id\":\"https:\\\/\\\/interaxo.com\\\/sv\\\/#\\\/schema\\\/logo\\\/image\\\/\"},\"sameAs\":[\"https:\\\/\\\/www.linkedin.com\\\/company\\\/interaxo-no\\\/\"]},{\"@type\":\"Person\",\"@id\":\"https:\\\/\\\/interaxo.com\\\/sv\\\/#\\\/schema\\\/person\\\/090379741d8a7f8cd6f77316a96c8b44\",\"name\":\"Susanne Segeblad\",\"image\":{\"@type\":\"ImageObject\",\"inLanguage\":\"sv-SE\",\"@id\":\"https:\\\/\\\/secure.gravatar.com\\\/avatar\\\/50346ca92ae796eb3a1d89148a6f1971faa9ac235308bcca62f1dc64b0469a6e?s=96&d=mm&r=g\",\"url\":\"https:\\\/\\\/secure.gravatar.com\\\/avatar\\\/50346ca92ae796eb3a1d89148a6f1971faa9ac235308bcca62f1dc64b0469a6e?s=96&d=mm&r=g\",\"contentUrl\":\"https:\\\/\\\/secure.gravatar.com\\\/avatar\\\/50346ca92ae796eb3a1d89148a6f1971faa9ac235308bcca62f1dc64b0469a6e?s=96&d=mm&r=g\",\"caption\":\"Susanne Segeblad\"},\"url\":\"https:\\\/\\\/interaxo.com\\\/sv\\\/author\\\/susanne-segebladtribia-com\\\/\"}]}<\/script>\n<!-- \/ Yoast SEO plugin. -->","yoast_head_json":{"title":"Stora BIM-dagen - Interaxo","robots":{"index":"index","follow":"follow","max-snippet":"max-snippet:-1","max-image-preview":"max-image-preview:large","max-video-preview":"max-video-preview:-1"},"canonical":"https:\/\/interaxo.com\/sv\/event\/tidigare-event\/stora-bim-dagen-2\/","og_locale":"sv_SE","og_type":"article","og_title":"Stora BIM-dagen - Interaxo","og_description":"Bygg- och fastighetsbranschen beh\u00f6ver ta st\u00f6rre kontroll \u00f6ver strukturerad information, kravst\u00e4llning, sp\u00e5rbarhet och s\u00e4kerhet genom hela livscykeln. Detta och mycket annat diskuterades p\u00e5 Stora BIM dagen (BIM Alliance).","og_url":"https:\/\/interaxo.com\/sv\/event\/tidigare-event\/stora-bim-dagen-2\/","og_site_name":"Interaxo","article_published_time":"2026-04-21T19:22:01+00:00","article_modified_time":"2026-04-28T13:48:18+00:00","og_image":[{"width":2560,"height":1920,"url":"https:\/\/interaxo.com\/wp-content\/uploads\/2026\/04\/BIM_d_2-scaled.jpeg","type":"image\/jpeg"}],"author":"Susanne Segeblad","twitter_card":"summary_large_image","twitter_misc":{"Skriven av":"Susanne Segeblad","Ber\u00e4knad l\u00e4stid":"2 minuter"},"schema":{"@context":"https:\/\/schema.org","@graph":[{"@type":"Article","@id":"https:\/\/interaxo.com\/sv\/event\/tidigare-event\/stora-bim-dagen-2\/#article","isPartOf":{"@id":"https:\/\/interaxo.com\/sv\/event\/tidigare-event\/stora-bim-dagen-2\/"},"author":{"name":"Susanne Segeblad","@id":"https:\/\/interaxo.com\/sv\/#\/schema\/person\/090379741d8a7f8cd6f77316a96c8b44"},"headline":"Stora BIM-dagen","datePublished":"2026-04-21T19:22:01+00:00","dateModified":"2026-04-28T13:48:18+00:00","mainEntityOfPage":{"@id":"https:\/\/interaxo.com\/sv\/event\/tidigare-event\/stora-bim-dagen-2\/"},"wordCount":1787,"commentCount":0,"publisher":{"@id":"https:\/\/interaxo.com\/sv\/#organization"},"image":{"@id":"https:\/\/interaxo.com\/sv\/event\/tidigare-event\/stora-bim-dagen-2\/#primaryimage"},"thumbnailUrl":"https:\/\/interaxo.com\/wp-content\/uploads\/2026\/04\/BIM_d_2-scaled.jpeg","keywords":["Featured-resources","Form-post"],"articleSection":["Event","Tidigare event"],"inLanguage":"sv-SE","potentialAction":[{"@type":"CommentAction","name":"Comment","target":["https:\/\/interaxo.com\/sv\/event\/tidigare-event\/stora-bim-dagen-2\/#respond"]}]},{"@type":"WebPage","@id":"https:\/\/interaxo.com\/sv\/event\/tidigare-event\/stora-bim-dagen-2\/","url":"https:\/\/interaxo.com\/sv\/event\/tidigare-event\/stora-bim-dagen-2\/","name":"Stora BIM-dagen - Interaxo","isPartOf":{"@id":"https:\/\/interaxo.com\/sv\/#website"},"primaryImageOfPage":{"@id":"https:\/\/interaxo.com\/sv\/event\/tidigare-event\/stora-bim-dagen-2\/#primaryimage"},"image":{"@id":"https:\/\/interaxo.com\/sv\/event\/tidigare-event\/stora-bim-dagen-2\/#primaryimage"},"thumbnailUrl":"https:\/\/interaxo.com\/wp-content\/uploads\/2026\/04\/BIM_d_2-scaled.jpeg","datePublished":"2026-04-21T19:22:01+00:00","dateModified":"2026-04-28T13:48:18+00:00","breadcrumb":{"@id":"https:\/\/interaxo.com\/sv\/event\/tidigare-event\/stora-bim-dagen-2\/#breadcrumb"},"inLanguage":"sv-SE","potentialAction":[{"@type":"ReadAction","target":["https:\/\/interaxo.com\/sv\/event\/tidigare-event\/stora-bim-dagen-2\/"]}]},{"@type":"ImageObject","inLanguage":"sv-SE","@id":"https:\/\/interaxo.com\/sv\/event\/tidigare-event\/stora-bim-dagen-2\/#primaryimage","url":"https:\/\/interaxo.com\/wp-content\/uploads\/2026\/04\/BIM_d_2-scaled.jpeg","contentUrl":"https:\/\/interaxo.com\/wp-content\/uploads\/2026\/04\/BIM_d_2-scaled.jpeg","width":2560,"height":1920},{"@type":"BreadcrumbList","@id":"https:\/\/interaxo.com\/sv\/event\/tidigare-event\/stora-bim-dagen-2\/#breadcrumb","itemListElement":[{"@type":"ListItem","position":1,"name":"Home","item":"https:\/\/interaxo.com\/sv\/"},{"@type":"ListItem","position":2,"name":"Stora BIM-dagen"}]},{"@type":"WebSite","@id":"https:\/\/interaxo.com\/sv\/#website","url":"https:\/\/interaxo.com\/sv\/","name":"Interaxo","description":"Interaxo","publisher":{"@id":"https:\/\/interaxo.com\/sv\/#organization"},"potentialAction":[{"@type":"SearchAction","target":{"@type":"EntryPoint","urlTemplate":"https:\/\/interaxo.com\/sv\/?s={search_term_string}"},"query-input":{"@type":"PropertyValueSpecification","valueRequired":true,"valueName":"search_term_string"}}],"inLanguage":"sv-SE"},{"@type":"Organization","@id":"https:\/\/interaxo.com\/sv\/#organization","name":"Interaxo","url":"https:\/\/interaxo.com\/sv\/","logo":{"@type":"ImageObject","inLanguage":"sv-SE","@id":"https:\/\/interaxo.com\/sv\/#\/schema\/logo\/image\/","url":"https:\/\/interaxo.com\/wp-content\/uploads\/2025\/09\/interaxo-logo.svg","contentUrl":"https:\/\/interaxo.com\/wp-content\/uploads\/2025\/09\/interaxo-logo.svg","width":150,"height":29,"caption":"Interaxo"},"image":{"@id":"https:\/\/interaxo.com\/sv\/#\/schema\/logo\/image\/"},"sameAs":["https:\/\/www.linkedin.com\/company\/interaxo-no\/"]},{"@type":"Person","@id":"https:\/\/interaxo.com\/sv\/#\/schema\/person\/090379741d8a7f8cd6f77316a96c8b44","name":"Susanne Segeblad","image":{"@type":"ImageObject","inLanguage":"sv-SE","@id":"https:\/\/secure.gravatar.com\/avatar\/50346ca92ae796eb3a1d89148a6f1971faa9ac235308bcca62f1dc64b0469a6e?s=96&d=mm&r=g","url":"https:\/\/secure.gravatar.com\/avatar\/50346ca92ae796eb3a1d89148a6f1971faa9ac235308bcca62f1dc64b0469a6e?s=96&d=mm&r=g","contentUrl":"https:\/\/secure.gravatar.com\/avatar\/50346ca92ae796eb3a1d89148a6f1971faa9ac235308bcca62f1dc64b0469a6e?s=96&d=mm&r=g","caption":"Susanne Segeblad"},"url":"https:\/\/interaxo.com\/sv\/author\/susanne-segebladtribia-com\/"}]}},"_links":{"self":[{"href":"https:\/\/interaxo.com\/sv\/wp-json\/wp\/v2\/posts\/9566","targetHints":{"allow":["GET"]}}],"collection":[{"href":"https:\/\/interaxo.com\/sv\/wp-json\/wp\/v2\/posts"}],"about":[{"href":"https:\/\/interaxo.com\/sv\/wp-json\/wp\/v2\/types\/post"}],"author":[{"embeddable":true,"href":"https:\/\/interaxo.com\/sv\/wp-json\/wp\/v2\/users\/8"}],"replies":[{"embeddable":true,"href":"https:\/\/interaxo.com\/sv\/wp-json\/wp\/v2\/comments?post=9566"}],"version-history":[{"count":8,"href":"https:\/\/interaxo.com\/sv\/wp-json\/wp\/v2\/posts\/9566\/revisions"}],"predecessor-version":[{"id":9599,"href":"https:\/\/interaxo.com\/sv\/wp-json\/wp\/v2\/posts\/9566\/revisions\/9599"}],"wp:featuredmedia":[{"embeddable":true,"href":"https:\/\/interaxo.com\/sv\/wp-json\/wp\/v2\/media\/9521"}],"wp:attachment":[{"href":"https:\/\/interaxo.com\/sv\/wp-json\/wp\/v2\/media?parent=9566"}],"wp:term":[{"taxonomy":"category","embeddable":true,"href":"https:\/\/interaxo.com\/sv\/wp-json\/wp\/v2\/categories?post=9566"},{"taxonomy":"post_tag","embeddable":true,"href":"https:\/\/interaxo.com\/sv\/wp-json\/wp\/v2\/tags?post=9566"}],"curies":[{"name":"wp","href":"https:\/\/api.w.org\/{rel}","templated":true}]}}